{"id":2632,"date":"2024-12-02T23:45:09","date_gmt":"2024-12-02T23:45:09","guid":{"rendered":"https:\/\/empresaartola.com.uy\/?p=2632"},"modified":"2024-12-02T23:49:31","modified_gmt":"2024-12-02T23:49:31","slug":"la-importancia-de-planificar-un-servicio-funerario","status":"publish","type":"post","link":"https:\/\/empresaartola.com.uy\/index.php\/2024\/12\/02\/la-importancia-de-planificar-un-servicio-funerario\/","title":{"rendered":"La importancia de planificar un servicio funerario"},"content":{"rendered":"\n<p>La vida est\u00e1 llena de momentos impredecibles, y aunque la idea de planificar un servicio funerario puede parecer dif\u00edcil de abordar, hacerlo con anticipaci\u00f3n puede marcar una gran diferencia para tus seres queridos. La planificaci\u00f3n funeraria no solo alivia el estr\u00e9s emocional en un momento tan delicado, sino que tambi\u00e9n garantiza que tus deseos o los de tu ser querido se respeten. En este art\u00edculo, exploramos por qu\u00e9 es esencial prepararse para lo inesperado y c\u00f3mo hacerlo de manera sencilla y efectiva.<\/p>\n\n\n\n<h4 class=\"wp-block-heading\">1. <strong>Aliviar la carga emocional de tus seres queridos<\/strong><\/h4>\n\n\n\n<p>Cuando ocurre un fallecimiento, los familiares enfrentan una mezcla de emociones intensas y, a menudo, deben tomar decisiones importantes en muy poco tiempo. Contar con un plan funerario previamente establecido permite que tus seres queridos se concentren en su duelo sin preocuparse por los detalles log\u00edsticos o financieros del servicio.<\/p>\n\n\n\n<h4 class=\"wp-block-heading\">2. <strong>Controlar los costos y evitar gastos imprevistos<\/strong><\/h4>\n\n\n\n<p>Los servicios funerarios pueden implicar costos significativos, y la falta de planificaci\u00f3n puede llevar a gastos innecesarios. Al preparar un plan funerario con anticipaci\u00f3n, puedes elegir opciones que se ajusten a tu presupuesto y evitar que tus familiares enfrenten cargas econ\u00f3micas inesperadas.<\/p>\n\n\n\n<h4 class=\"wp-block-heading\">3. <strong>Asegurar que tus deseos sean respetados<\/strong><\/h4>\n\n\n\n<p>Cada persona tiene preferencias \u00fanicas en cuanto a su despedida: desde el tipo de ceremonia hasta los detalles del entierro o cremaci\u00f3n. Planificar con tiempo permite expresar y documentar tus deseos, asegurando que se lleven a cabo tal como lo deseas.<\/p>\n\n\n\n<h4 class=\"wp-block-heading\">4. <strong>Proporcionar tranquilidad a tu familia<\/strong><\/h4>\n\n\n\n<p>Saber que todo est\u00e1 organizado y que no hay decisiones urgentes por tomar puede brindar una sensaci\u00f3n de paz tanto para ti como para tus seres queridos. Este acto de previsi\u00f3n demuestra cuidado y consideraci\u00f3n hacia ellos, incluso en tu ausencia.<\/p>\n\n\n\n<h3 class=\"wp-block-heading\">\u00bfC\u00f3mo comenzar a planificar un servicio funerario?<\/h3>\n\n\n\n<p>Si bien puede parecer un tema dif\u00edcil de abordar, planificar un servicio funerario es m\u00e1s sencillo de lo que imaginas. Aqu\u00ed hay algunos pasos pr\u00e1cticos para empezar:<\/p>\n\n\n\n<ol class=\"wp-block-list\">\n<li><strong>Inf\u00f3rmate sobre las opciones disponibles:<\/strong> Investiga los servicios que ofrece una funeraria de confianza, como entierro, cremaci\u00f3n, tipos de ceremonias y personalizaci\u00f3n.<\/li>\n\n\n\n<li><strong>Establece un presupuesto:<\/strong> Define cu\u00e1nto est\u00e1s dispuesto a invertir y elige servicios que se ajusten a tus posibilidades.<\/li>\n\n\n\n<li><strong>Documenta tus deseos:<\/strong> Deja por escrito tus preferencias, ya sea en un documento personal o como parte de un contrato con una funeraria.<\/li>\n\n\n\n<li><strong>Habla con tus seres queridos:<\/strong> Comparte tus planes con tu familia para que est\u00e9n al tanto y puedan respetar tus decisiones.<\/li>\n\n\n\n<li><strong>Consulta con profesionales:<\/strong> Busca asesoramiento de una funeraria como <strong>Empresa Artola<\/strong>, donde te orientaremos en cada paso para que este proceso sea claro y accesible.<\/li>\n<\/ol>\n\n\n\n<h3 class=\"wp-block-heading\">Reflexi\u00f3n final<\/h3>\n\n\n\n<p>La planificaci\u00f3n funeraria no se trata de centrarse en la p\u00e9rdida, sino de celebrar la vida y brindar un \u00faltimo acto de amor hacia quienes m\u00e1s quieres. Prepararse para lo inesperado no solo es una decisi\u00f3n pr\u00e1ctica, sino tambi\u00e9n un regalo emocional para tus seres queridos, al permitirles enfocarse en lo que realmente importa: honrar y recordar los momentos compartidos.<\/p>\n\n\n\n<p>En <strong>Empresa Artola<\/strong>, estamos aqu\u00ed para acompa\u00f1arte en este proceso, ofreciendo asesoramiento y servicios personalizados para garantizar que tus decisiones reflejen tus valores y deseos. Cont\u00e1ctanos para conocer m\u00e1s sobre c\u00f3mo podemos ayudarte a planificar con tranquilidad.<\/p>\n","protected":false},"excerpt":{"rendered":"<p>La vida est\u00e1 llena de momentos impredecibles, y aunque la idea de planificar un servicio funerario puede parecer dif\u00edcil de abordar, hacerlo con anticipaci\u00f3n puede marcar una gran diferencia para tus seres queridos. La planificaci\u00f3n funeraria no solo alivia el estr\u00e9s emocional en un momento tan delicado, sino que tambi\u00e9n garantiza que tus deseos o [&hellip;]<\/p>\n","protected":false},"author":1,"featured_media":2611,"comment_status":"open","ping_status":"open","sticky":false,"template":"","format":"standard","meta":{"_uag_custom_page_level_css":"","site-sidebar-layout":"default","site-content-layout":"","ast-site-content-layout":"default","site-content-style":"default","site-sidebar-style":"default","ast-global-header-display":"","ast-banner-title-visibility":"","ast-main-header-display":"","ast-hfb-above-header-display":"","ast-hfb-below-header-display":"","ast-hfb-mobile-header-display":"","site-post-title":"","ast-breadcrumbs-content":"","ast-featured-img":"","footer-sml-layout":"","ast-disable-related-posts":"","theme-transparent-header-meta":"","adv-header-id-meta":"","stick-header-meta":"","header-above-stick-meta":"","header-main-stick-meta":"","header-below-stick-meta":"","astra-migrate-meta-layouts":"set","ast-page-background-enabled":"default","ast-page-background-meta":{"desktop":{"background-color":"","background-image":"","background-repeat":"repeat","background-position":"center center","background-size":"auto","background-attachment":"scroll","background-type":"","background-media":"","overlay-type":"","overlay-color":"","overlay-opacity":"","overlay-gradient":""},"tablet":{"background-color":"","background-image":"","background-repeat":"repeat","background-position":"center center","background-size":"auto","background-attachment":"scroll","background-type":"","background-media":"","overlay-type":"","overlay-color":"","overlay-opacity":"","overlay-gradient":""},"mobile":{"background-color":"","background-image":"","background-repeat":"repeat","background-position":"center center","background-size":"auto","background-attachment":"scroll","background-type":"","background-media":"","overlay-type":"","overlay-color":"","overlay-opacity":"","overlay-gradient":""}},"ast-content-background-meta":{"desktop":{"background-color":"var(--ast-global-color-5)","background-image":"","background-repeat":"repeat","background-position":"center center","background-size":"auto","background-attachment":"scroll","background-type":"","background-media":"","overlay-type":"","overlay-color":"","overlay-opacity":"","overlay-gradient":""},"tablet":{"background-color":"var(--ast-global-color-5)","background-image":"","background-repeat":"repeat","background-position":"center center","background-size":"auto","background-attachment":"scroll","background-type":"","background-media":"","overlay-type":"","overlay-color":"","overlay-opacity":"","overlay-gradient":""},"mobile":{"background-color":"var(--ast-global-color-5)","background-image":"","background-repeat":"repeat","background-position":"center center","background-size":"auto","background-attachment":"scroll","background-type":"","background-media":"","overlay-type":"","overlay-color":"","overlay-opacity":"","overlay-gradient":""}},"_joinchat":[],"footnotes":""},"categories":[13],"tags":[],"class_list":["post-2632","post","type-post","status-publish","format-standard","has-post-thumbnail","hentry","category-blog"],"yoast_head":"<!-- This site is optimized with the Yoast SEO plugin v24.0 - https:\/\/yoast.com\/wordpress\/plugins\/seo\/ -->\n<title>La importancia de planificar un servicio funerario - Artola<\/title>\n<meta name=\"robots\" content=\"index, follow, max-snippet:-1, max-image-preview:large, max-video-preview:-1\" \/>\n<link rel=\"canonical\" href=\"https:\/\/empresaartola.com.uy\/index.php\/2024\/12\/02\/la-importancia-de-planificar-un-servicio-funerario\/\" \/>\n<meta property=\"og:locale\" content=\"es_ES\" \/>\n<meta property=\"og:type\" content=\"article\" \/>\n<meta property=\"og:title\" content=\"La importancia de planificar un servicio funerario - Artola\" \/>\n<meta property=\"og:description\" content=\"La vida est\u00e1 llena de momentos impredecibles, y aunque la idea de planificar un servicio funerario puede parecer dif\u00edcil de abordar, hacerlo con anticipaci\u00f3n puede marcar una gran diferencia para tus seres queridos. La planificaci\u00f3n funeraria no solo alivia el estr\u00e9s emocional en un momento tan delicado, sino que tambi\u00e9n garantiza que tus deseos o [&hellip;]\" \/>\n<meta property=\"og:url\" content=\"https:\/\/empresaartola.com.uy\/index.php\/2024\/12\/02\/la-importancia-de-planificar-un-servicio-funerario\/\" \/>\n<meta property=\"og:site_name\" content=\"Artola\" \/>\n<meta property=\"article:published_time\" content=\"2024-12-02T23:45:09+00:00\" \/>\n<meta property=\"article:modified_time\" content=\"2024-12-02T23:49:31+00:00\" \/>\n<meta name=\"author\" content=\"santiagotomasperron2001\" \/>\n<meta name=\"twitter:card\" content=\"summary_large_image\" \/>\n<meta name=\"twitter:label1\" content=\"Escrito por\" \/>\n\t<meta name=\"twitter:data1\" content=\"santiagotomasperron2001\" \/>\n\t<meta name=\"twitter:label2\" content=\"Tiempo de lectura\" \/>\n\t<meta name=\"twitter:data2\" content=\"3 minutos\" \/>\n<script type=\"application\/ld+json\" class=\"yoast-schema-graph\">{\"@context\":\"https:\/\/schema.org\",\"@graph\":[{\"@type\":\"Article\",\"@id\":\"https:\/\/empresaartola.com.uy\/index.php\/2024\/12\/02\/la-importancia-de-planificar-un-servicio-funerario\/#article\",\"isPartOf\":{\"@id\":\"https:\/\/empresaartola.com.uy\/index.php\/2024\/12\/02\/la-importancia-de-planificar-un-servicio-funerario\/\"},\"author\":{\"name\":\"santiagotomasperron2001\",\"@id\":\"https:\/\/empresaartola.com.uy\/#\/schema\/person\/7c83f6aec522689a2d1f5bfec571c657\"},\"headline\":\"La importancia de planificar un servicio funerario\",\"datePublished\":\"2024-12-02T23:45:09+00:00\",\"dateModified\":\"2024-12-02T23:49:31+00:00\",\"mainEntityOfPage\":{\"@id\":\"https:\/\/empresaartola.com.uy\/index.php\/2024\/12\/02\/la-importancia-de-planificar-un-servicio-funerario\/\"},\"wordCount\":567,\"commentCount\":0,\"publisher\":{\"@id\":\"https:\/\/empresaartola.com.uy\/#organization\"},\"image\":{\"@id\":\"https:\/\/empresaartola.com.uy\/index.php\/2024\/12\/02\/la-importancia-de-planificar-un-servicio-funerario\/#primaryimage\"},\"thumbnailUrl\":\"https:\/\/empresaartola.com.uy\/wp-content\/uploads\/2024\/12\/flor-rosa-blanca-colocada-sobre-ataud-madera-iglesia-que-simboliza-funeral-luto_908985-103642.avif\",\"articleSection\":[\"BLOG\"],\"inLanguage\":\"es\",\"potentialAction\":[{\"@type\":\"CommentAction\",\"name\":\"Comment\",\"target\":[\"https:\/\/empresaartola.com.uy\/index.php\/2024\/12\/02\/la-importancia-de-planificar-un-servicio-funerario\/#respond\"]}]},{\"@type\":\"WebPage\",\"@id\":\"https:\/\/empresaartola.com.uy\/index.php\/2024\/12\/02\/la-importancia-de-planificar-un-servicio-funerario\/\",\"url\":\"https:\/\/empresaartola.com.uy\/index.php\/2024\/12\/02\/la-importancia-de-planificar-un-servicio-funerario\/\",\"name\":\"La importancia de planificar un servicio funerario - Artola\",\"isPartOf\":{\"@id\":\"https:\/\/empresaartola.com.uy\/#website\"},\"primaryImageOfPage\":{\"@id\":\"https:\/\/empresaartola.com.uy\/index.php\/2024\/12\/02\/la-importancia-de-planificar-un-servicio-funerario\/#primaryimage\"},\"image\":{\"@id\":\"https:\/\/empresaartola.com.uy\/index.php\/2024\/12\/02\/la-importancia-de-planificar-un-servicio-funerario\/#primaryimage\"},\"thumbnailUrl\":\"https:\/\/empresaartola.com.uy\/wp-content\/uploads\/2024\/12\/flor-rosa-blanca-colocada-sobre-ataud-madera-iglesia-que-simboliza-funeral-luto_908985-103642.avif\",\"datePublished\":\"2024-12-02T23:45:09+00:00\",\"dateModified\":\"2024-12-02T23:49:31+00:00\",\"breadcrumb\":{\"@id\":\"https:\/\/empresaartola.com.uy\/index.php\/2024\/12\/02\/la-importancia-de-planificar-un-servicio-funerario\/#breadcrumb\"},\"inLanguage\":\"es\",\"potentialAction\":[{\"@type\":\"ReadAction\",\"target\":[\"https:\/\/empresaartola.com.uy\/index.php\/2024\/12\/02\/la-importancia-de-planificar-un-servicio-funerario\/\"]}]},{\"@type\":\"ImageObject\",\"inLanguage\":\"es\",\"@id\":\"https:\/\/empresaartola.com.uy\/index.php\/2024\/12\/02\/la-importancia-de-planificar-un-servicio-funerario\/#primaryimage\",\"url\":\"https:\/\/empresaartola.com.uy\/wp-content\/uploads\/2024\/12\/flor-rosa-blanca-colocada-sobre-ataud-madera-iglesia-que-simboliza-funeral-luto_908985-103642.avif\",\"contentUrl\":\"https:\/\/empresaartola.com.uy\/wp-content\/uploads\/2024\/12\/flor-rosa-blanca-colocada-sobre-ataud-madera-iglesia-que-simboliza-funeral-luto_908985-103642.avif\",\"width\":626,\"height\":417},{\"@type\":\"BreadcrumbList\",\"@id\":\"https:\/\/empresaartola.com.uy\/index.php\/2024\/12\/02\/la-importancia-de-planificar-un-servicio-funerario\/#breadcrumb\",\"itemListElement\":[{\"@type\":\"ListItem\",\"position\":1,\"name\":\"Portada\",\"item\":\"https:\/\/empresaartola.com.uy\/\"},{\"@type\":\"ListItem\",\"position\":2,\"name\":\"La importancia de planificar un servicio funerario\"}]},{\"@type\":\"WebSite\",\"@id\":\"https:\/\/empresaartola.com.uy\/#website\",\"url\":\"https:\/\/empresaartola.com.uy\/\",\"name\":\"Artola\",\"description\":\"Empresa F\u00fanebre\",\"publisher\":{\"@id\":\"https:\/\/empresaartola.com.uy\/#organization\"},\"potentialAction\":[{\"@type\":\"SearchAction\",\"target\":{\"@type\":\"EntryPoint\",\"urlTemplate\":\"https:\/\/empresaartola.com.uy\/?s={search_term_string}\"},\"query-input\":{\"@type\":\"PropertyValueSpecification\",\"valueRequired\":true,\"valueName\":\"search_term_string\"}}],\"inLanguage\":\"es\"},{\"@type\":\"Organization\",\"@id\":\"https:\/\/empresaartola.com.uy\/#organization\",\"name\":\"Artola\",\"url\":\"https:\/\/empresaartola.com.uy\/\",\"logo\":{\"@type\":\"ImageObject\",\"inLanguage\":\"es\",\"@id\":\"https:\/\/empresaartola.com.uy\/#\/schema\/logo\/image\/\",\"url\":\"https:\/\/empresaartola.com.uy\/wp-content\/uploads\/2026\/03\/cropped-ChatGPT-Image-Mar-6-2026-12_04_21-PM.png\",\"contentUrl\":\"https:\/\/empresaartola.com.uy\/wp-content\/uploads\/2026\/03\/cropped-ChatGPT-Image-Mar-6-2026-12_04_21-PM.png\",\"width\":1301,\"height\":439,\"caption\":\"Artola\"},\"image\":{\"@id\":\"https:\/\/empresaartola.com.uy\/#\/schema\/logo\/image\/\"}},{\"@type\":\"Person\",\"@id\":\"https:\/\/empresaartola.com.uy\/#\/schema\/person\/7c83f6aec522689a2d1f5bfec571c657\",\"name\":\"santiagotomasperron2001\",\"image\":{\"@type\":\"ImageObject\",\"inLanguage\":\"es\",\"@id\":\"https:\/\/empresaartola.com.uy\/#\/schema\/person\/image\/\",\"url\":\"https:\/\/secure.gravatar.com\/avatar\/73898b16db88169d4b53982a73fbb3c1?s=96&d=mm&r=g\",\"contentUrl\":\"https:\/\/secure.gravatar.com\/avatar\/73898b16db88169d4b53982a73fbb3c1?s=96&d=mm&r=g\",\"caption\":\"santiagotomasperron2001\"},\"sameAs\":[\"https:\/\/empresaartola.com.uy\"],\"url\":\"https:\/\/empresaartola.com.uy\/index.php\/author\/santiagotomasperron2001\/\"}]}<\/script>\n<!-- \/ Yoast SEO plugin. -->","yoast_head_json":{"title":"La importancia de planificar un servicio funerario - Artola","robots":{"index":"index","follow":"follow","max-snippet":"max-snippet:-1","max-image-preview":"max-image-preview:large","max-video-preview":"max-video-preview:-1"},"canonical":"https:\/\/empresaartola.com.uy\/index.php\/2024\/12\/02\/la-importancia-de-planificar-un-servicio-funerario\/","og_locale":"es_ES","og_type":"article","og_title":"La importancia de planificar un servicio funerario - Artola","og_description":"La vida est\u00e1 llena de momentos impredecibles, y aunque la idea de planificar un servicio funerario puede parecer dif\u00edcil de abordar, hacerlo con anticipaci\u00f3n puede marcar una gran diferencia para tus seres queridos. La planificaci\u00f3n funeraria no solo alivia el estr\u00e9s emocional en un momento tan delicado, sino que tambi\u00e9n garantiza que tus deseos o [&hellip;]","og_url":"https:\/\/empresaartola.com.uy\/index.php\/2024\/12\/02\/la-importancia-de-planificar-un-servicio-funerario\/","og_site_name":"Artola","article_published_time":"2024-12-02T23:45:09+00:00","article_modified_time":"2024-12-02T23:49:31+00:00","author":"santiagotomasperron2001","twitter_card":"summary_large_image","twitter_misc":{"Escrito por":"santiagotomasperron2001","Tiempo de lectura":"3 minutos"},"schema":{"@context":"https:\/\/schema.org","@graph":[{"@type":"Article","@id":"https:\/\/empresaartola.com.uy\/index.php\/2024\/12\/02\/la-importancia-de-planificar-un-servicio-funerario\/#article","isPartOf":{"@id":"https:\/\/empresaartola.com.uy\/index.php\/2024\/12\/02\/la-importancia-de-planificar-un-servicio-funerario\/"},"author":{"name":"santiagotomasperron2001","@id":"https:\/\/empresaartola.com.uy\/#\/schema\/person\/7c83f6aec522689a2d1f5bfec571c657"},"headline":"La importancia de planificar un servicio funerario","datePublished":"2024-12-02T23:45:09+00:00","dateModified":"2024-12-02T23:49:31+00:00","mainEntityOfPage":{"@id":"https:\/\/empresaartola.com.uy\/index.php\/2024\/12\/02\/la-importancia-de-planificar-un-servicio-funerario\/"},"wordCount":567,"commentCount":0,"publisher":{"@id":"https:\/\/empresaartola.com.uy\/#organization"},"image":{"@id":"https:\/\/empresaartola.com.uy\/index.php\/2024\/12\/02\/la-importancia-de-planificar-un-servicio-funerario\/#primaryimage"},"thumbnailUrl":"https:\/\/empresaartola.com.uy\/wp-content\/uploads\/2024\/12\/flor-rosa-blanca-colocada-sobre-ataud-madera-iglesia-que-simboliza-funeral-luto_908985-103642.avif","articleSection":["BLOG"],"inLanguage":"es","potentialAction":[{"@type":"CommentAction","name":"Comment","target":["https:\/\/empresaartola.com.uy\/index.php\/2024\/12\/02\/la-importancia-de-planificar-un-servicio-funerario\/#respond"]}]},{"@type":"WebPage","@id":"https:\/\/empresaartola.com.uy\/index.php\/2024\/12\/02\/la-importancia-de-planificar-un-servicio-funerario\/","url":"https:\/\/empresaartola.com.uy\/index.php\/2024\/12\/02\/la-importancia-de-planificar-un-servicio-funerario\/","name":"La importancia de planificar un servicio funerario - Artola","isPartOf":{"@id":"https:\/\/empresaartola.com.uy\/#website"},"primaryImageOfPage":{"@id":"https:\/\/empresaartola.com.uy\/index.php\/2024\/12\/02\/la-importancia-de-planificar-un-servicio-funerario\/#primaryimage"},"image":{"@id":"https:\/\/empresaartola.com.uy\/index.php\/2024\/12\/02\/la-importancia-de-planificar-un-servicio-funerario\/#primaryimage"},"thumbnailUrl":"https:\/\/empresaartola.com.uy\/wp-content\/uploads\/2024\/12\/flor-rosa-blanca-colocada-sobre-ataud-madera-iglesia-que-simboliza-funeral-luto_908985-103642.avif","datePublished":"2024-12-02T23:45:09+00:00","dateModified":"2024-12-02T23:49:31+00:00","breadcrumb":{"@id":"https:\/\/empresaartola.com.uy\/index.php\/2024\/12\/02\/la-importancia-de-planificar-un-servicio-funerario\/#breadcrumb"},"inLanguage":"es","potentialAction":[{"@type":"ReadAction","target":["https:\/\/empresaartola.com.uy\/index.php\/2024\/12\/02\/la-importancia-de-planificar-un-servicio-funerario\/"]}]},{"@type":"ImageObject","inLanguage":"es","@id":"https:\/\/empresaartola.com.uy\/index.php\/2024\/12\/02\/la-importancia-de-planificar-un-servicio-funerario\/#primaryimage","url":"https:\/\/empresaartola.com.uy\/wp-content\/uploads\/2024\/12\/flor-rosa-blanca-colocada-sobre-ataud-madera-iglesia-que-simboliza-funeral-luto_908985-103642.avif","contentUrl":"https:\/\/empresaartola.com.uy\/wp-content\/uploads\/2024\/12\/flor-rosa-blanca-colocada-sobre-ataud-madera-iglesia-que-simboliza-funeral-luto_908985-103642.avif","width":626,"height":417},{"@type":"BreadcrumbList","@id":"https:\/\/empresaartola.com.uy\/index.php\/2024\/12\/02\/la-importancia-de-planificar-un-servicio-funerario\/#breadcrumb","itemListElement":[{"@type":"ListItem","position":1,"name":"Portada","item":"https:\/\/empresaartola.com.uy\/"},{"@type":"ListItem","position":2,"name":"La importancia de planificar un servicio funerario"}]},{"@type":"WebSite","@id":"https:\/\/empresaartola.com.uy\/#website","url":"https:\/\/empresaartola.com.uy\/","name":"Artola","description":"Empresa F\u00fanebre","publisher":{"@id":"https:\/\/empresaartola.com.uy\/#organization"},"potentialAction":[{"@type":"SearchAction","target":{"@type":"EntryPoint","urlTemplate":"https:\/\/empresaartola.com.uy\/?s={search_term_string}"},"query-input":{"@type":"PropertyValueSpecification","valueRequired":true,"valueName":"search_term_string"}}],"inLanguage":"es"},{"@type":"Organization","@id":"https:\/\/empresaartola.com.uy\/#organization","name":"Artola","url":"https:\/\/empresaartola.com.uy\/","logo":{"@type":"ImageObject","inLanguage":"es","@id":"https:\/\/empresaartola.com.uy\/#\/schema\/logo\/image\/","url":"https:\/\/empresaartola.com.uy\/wp-content\/uploads\/2026\/03\/cropped-ChatGPT-Image-Mar-6-2026-12_04_21-PM.png","contentUrl":"https:\/\/empresaartola.com.uy\/wp-content\/uploads\/2026\/03\/cropped-ChatGPT-Image-Mar-6-2026-12_04_21-PM.png","width":1301,"height":439,"caption":"Artola"},"image":{"@id":"https:\/\/empresaartola.com.uy\/#\/schema\/logo\/image\/"}},{"@type":"Person","@id":"https:\/\/empresaartola.com.uy\/#\/schema\/person\/7c83f6aec522689a2d1f5bfec571c657","name":"santiagotomasperron2001","image":{"@type":"ImageObject","inLanguage":"es","@id":"https:\/\/empresaartola.com.uy\/#\/schema\/person\/image\/","url":"https:\/\/secure.gravatar.com\/avatar\/73898b16db88169d4b53982a73fbb3c1?s=96&d=mm&r=g","contentUrl":"https:\/\/secure.gravatar.com\/avatar\/73898b16db88169d4b53982a73fbb3c1?s=96&d=mm&r=g","caption":"santiagotomasperron2001"},"sameAs":["https:\/\/empresaartola.com.uy"],"url":"https:\/\/empresaartola.com.uy\/index.php\/author\/santiagotomasperron2001\/"}]}},"uagb_featured_image_src":{"full":["https:\/\/empresaartola.com.uy\/wp-content\/uploads\/2024\/12\/flor-rosa-blanca-colocada-sobre-ataud-madera-iglesia-que-simboliza-funeral-luto_908985-103642.avif",626,417,false],"thumbnail":["https:\/\/empresaartola.com.uy\/wp-content\/uploads\/2024\/12\/flor-rosa-blanca-colocada-sobre-ataud-madera-iglesia-que-simboliza-funeral-luto_908985-103642-150x150.avif",150,150,true],"medium":["https:\/\/empresaartola.com.uy\/wp-content\/uploads\/2024\/12\/flor-rosa-blanca-colocada-sobre-ataud-madera-iglesia-que-simboliza-funeral-luto_908985-103642-300x200.avif",300,200,true],"medium_large":["https:\/\/empresaartola.com.uy\/wp-content\/uploads\/2024\/12\/flor-rosa-blanca-colocada-sobre-ataud-madera-iglesia-que-simboliza-funeral-luto_908985-103642.avif",626,417,false],"large":["https:\/\/empresaartola.com.uy\/wp-content\/uploads\/2024\/12\/flor-rosa-blanca-colocada-sobre-ataud-madera-iglesia-que-simboliza-funeral-luto_908985-103642.avif",626,417,false],"1536x1536":["https:\/\/empresaartola.com.uy\/wp-content\/uploads\/2024\/12\/flor-rosa-blanca-colocada-sobre-ataud-madera-iglesia-que-simboliza-funeral-luto_908985-103642.avif",626,417,false],"2048x2048":["https:\/\/empresaartola.com.uy\/wp-content\/uploads\/2024\/12\/flor-rosa-blanca-colocada-sobre-ataud-madera-iglesia-que-simboliza-funeral-luto_908985-103642.avif",626,417,false],"ultp_layout_landscape_large":["https:\/\/empresaartola.com.uy\/wp-content\/uploads\/2024\/12\/flor-rosa-blanca-colocada-sobre-ataud-madera-iglesia-que-simboliza-funeral-luto_908985-103642.avif",626,417,false],"ultp_layout_landscape":["https:\/\/empresaartola.com.uy\/wp-content\/uploads\/2024\/12\/flor-rosa-blanca-colocada-sobre-ataud-madera-iglesia-que-simboliza-funeral-luto_908985-103642.avif",626,417,false],"ultp_layout_portrait":["https:\/\/empresaartola.com.uy\/wp-content\/uploads\/2024\/12\/flor-rosa-blanca-colocada-sobre-ataud-madera-iglesia-que-simboliza-funeral-luto_908985-103642-600x417.avif",600,417,true],"ultp_layout_square":["https:\/\/empresaartola.com.uy\/wp-content\/uploads\/2024\/12\/flor-rosa-blanca-colocada-sobre-ataud-madera-iglesia-que-simboliza-funeral-luto_908985-103642-600x417.avif",600,417,true]},"uagb_author_info":{"display_name":"santiagotomasperron2001","author_link":"https:\/\/empresaartola.com.uy\/index.php\/author\/santiagotomasperron2001\/"},"uagb_comment_info":0,"uagb_excerpt":"La vida est\u00e1 llena de momentos impredecibles, y aunque la idea de planificar un servicio funerario puede parecer dif\u00edcil de abordar, hacerlo con anticipaci\u00f3n puede marcar una gran diferencia para tus seres queridos. La planificaci\u00f3n funeraria no solo alivia el estr\u00e9s emocional en un momento tan delicado, sino que tambi\u00e9n garantiza que tus deseos o&hellip;","_links":{"self":[{"href":"https:\/\/empresaartola.com.uy\/index.php\/wp-json\/wp\/v2\/posts\/2632","targetHints":{"allow":["GET"]}}],"collection":[{"href":"https:\/\/empresaartola.com.uy\/index.php\/wp-json\/wp\/v2\/posts"}],"about":[{"href":"https:\/\/empresaartola.com.uy\/index.php\/wp-json\/wp\/v2\/types\/post"}],"author":[{"embeddable":true,"href":"https:\/\/empresaartola.com.uy\/index.php\/wp-json\/wp\/v2\/users\/1"}],"replies":[{"embeddable":true,"href":"https:\/\/empresaartola.com.uy\/index.php\/wp-json\/wp\/v2\/comments?post=2632"}],"version-history":[{"count":1,"href":"https:\/\/empresaartola.com.uy\/index.php\/wp-json\/wp\/v2\/posts\/2632\/revisions"}],"predecessor-version":[{"id":2633,"href":"https:\/\/empresaartola.com.uy\/index.php\/wp-json\/wp\/v2\/posts\/2632\/revisions\/2633"}],"wp:featuredmedia":[{"embeddable":true,"href":"https:\/\/empresaartola.com.uy\/index.php\/wp-json\/wp\/v2\/media\/2611"}],"wp:attachment":[{"href":"https:\/\/empresaartola.com.uy\/index.php\/wp-json\/wp\/v2\/media?parent=2632"}],"wp:term":[{"taxonomy":"category","embeddable":true,"href":"https:\/\/empresaartola.com.uy\/index.php\/wp-json\/wp\/v2\/categories?post=2632"},{"taxonomy":"post_tag","embeddable":true,"href":"https:\/\/empresaartola.com.uy\/index.php\/wp-json\/wp\/v2\/tags?post=2632"}],"curies":[{"name":"wp","href":"https:\/\/api.w.org\/{rel}","templated":true}]}}